{"id":3459,"date":"2024-09-27T10:26:55","date_gmt":"2024-09-27T08:26:55","guid":{"rendered":"https:\/\/autocarsdomenech.cat\/2024\/09\/27\/ven-a-cargar-tu-t-jove-de-la-atm\/"},"modified":"2024-09-27T11:07:23","modified_gmt":"2024-09-27T09:07:23","slug":"ven-a-cargar-tu-t-jove-de-la-atm","status":"publish","type":"post","link":"https:\/\/autocarsdomenech.cat\/es\/2024\/09\/27\/ven-a-cargar-tu-t-jove-de-la-atm\/","title":{"rendered":"Ven a cargar tu T-Jove de la ATM"},"content":{"rendered":"<p>Si eres usuario de la T-Joven de la ATM del Camp de Tarragona, debes saber que puedes cargarla en nuestras oficinas (Calle Carretera de Mora 8 &#8211; 43730 Falset). Te atenderemos en horario de oficina, de lunes a viernes de 9 a 13 h y de 16 a 19 h.<br \/><strong>La T-Joven<\/strong><br \/>Tienen derecho a la T-Joven de la ATM del Camp de Tarragona los menores de 30 a\u00f1os. Con ella pueden realizar un n\u00famero ilimitado de desplazamientos por todo el \u00e1mbito del Camp de Tarragona, en todos los modos de transporte integrados. Su validez ser\u00e1 de 90 d\u00edas consecutivos desde la primera validaci\u00f3n.   <\/p>\n","protected":false},"excerpt":{"rendered":"<p>Si eres usuario de la T-Joven de la ATM del Camp de Tarragona, debes saber que puedes cargarla en nuestras oficinas (Calle Carretera de Mora 8 &#8211; 43730 Falset). Te atenderemos en horario de oficina, de lunes a viernes de 9 a 13 h y de 16 a 19 h.La T-JovenTienen derecho a la T-Joven [&hellip;]<\/p>\n","protected":false},"author":1,"featured_media":3457,"comment_status":"closed","ping_status":"closed","sticky":false,"template":"","format":"standard","meta":{"footnotes":""},"categories":[37],"tags":[],"class_list":["post-3459","post","type-post","status-publish","format-standard","has-post-thumbnail","hentry","category-sin-categorizar"],"yoast_head":"<!-- This site is optimized with the Yoast SEO plugin v24.1 - https:\/\/yoast.com\/wordpress\/plugins\/seo\/ -->\n<title>Ven a cargar tu T-Jove de la ATM - Transports P\u00fablics del Priorat i Dom\u00e8nech<\/title>\n<meta name=\"description\" content=\"Si eres usuario de la T-Joven de la ATM del Camp de Tarragona, debes saber que puedes cargarla en nuestras oficinas.\" \/>\n<meta name=\"robots\" content=\"index, follow, max-snippet:-1, max-image-preview:large, max-video-preview:-1\" \/>\n<link rel=\"canonical\" href=\"https:\/\/autocarsdomenech.cat\/es\/2024\/09\/27\/ven-a-cargar-tu-t-jove-de-la-atm\/\" \/>\n<meta property=\"og:locale\" content=\"es_ES\" \/>\n<meta property=\"og:type\" content=\"article\" \/>\n<meta property=\"og:title\" content=\"Ven a cargar tu T-Jove de la ATM - Transports P\u00fablics del Priorat i Dom\u00e8nech\" \/>\n<meta property=\"og:description\" content=\"Si eres usuario de la T-Joven de la ATM del Camp de Tarragona, debes saber que puedes cargarla en nuestras oficinas.\" \/>\n<meta property=\"og:url\" content=\"https:\/\/autocarsdomenech.cat\/es\/2024\/09\/27\/ven-a-cargar-tu-t-jove-de-la-atm\/\" \/>\n<meta property=\"og:site_name\" content=\"Transports P\u00fablics del Priorat i Dom\u00e8nech\" \/>\n<meta property=\"article:published_time\" content=\"2024-09-27T08:26:55+00:00\" \/>\n<meta property=\"article:modified_time\" content=\"2024-09-27T09:07:23+00:00\" \/>\n<meta property=\"og:image\" content=\"https:\/\/autocarsdomenech.cat\/wp-content\/uploads\/2024\/09\/TJove-ATM.png\" \/>\n\t<meta property=\"og:image:width\" content=\"864\" \/>\n\t<meta property=\"og:image:height\" content=\"554\" \/>\n\t<meta property=\"og:image:type\" content=\"image\/png\" \/>\n<meta name=\"author\" content=\"admin_tppd\" \/>\n<meta name=\"twitter:card\" content=\"summary_large_image\" \/>\n<meta name=\"twitter:label1\" content=\"Escrito por\" \/>\n\t<meta name=\"twitter:data1\" content=\"admin_tppd\" \/>\n<script type=\"application\/ld+json\" class=\"yoast-schema-graph\">{\"@context\":\"https:\/\/schema.org\",\"@graph\":[{\"@type\":\"Article\",\"@id\":\"https:\/\/autocarsdomenech.cat\/es\/2024\/09\/27\/ven-a-cargar-tu-t-jove-de-la-atm\/#article\",\"isPartOf\":{\"@id\":\"https:\/\/autocarsdomenech.cat\/es\/2024\/09\/27\/ven-a-cargar-tu-t-jove-de-la-atm\/\"},\"author\":{\"name\":\"admin_tppd\",\"@id\":\"https:\/\/autocarsdomenech.cat\/es\/#\/schema\/person\/eb1e7cae1c969be89992ceab25345a43\"},\"headline\":\"Ven a cargar tu T-Jove de la ATM\",\"datePublished\":\"2024-09-27T08:26:55+00:00\",\"dateModified\":\"2024-09-27T09:07:23+00:00\",\"mainEntityOfPage\":{\"@id\":\"https:\/\/autocarsdomenech.cat\/es\/2024\/09\/27\/ven-a-cargar-tu-t-jove-de-la-atm\/\"},\"wordCount\":108,\"publisher\":{\"@id\":\"https:\/\/autocarsdomenech.cat\/es\/#organization\"},\"image\":{\"@id\":\"https:\/\/autocarsdomenech.cat\/es\/2024\/09\/27\/ven-a-cargar-tu-t-jove-de-la-atm\/#primaryimage\"},\"thumbnailUrl\":\"https:\/\/autocarsdomenech.cat\/wp-content\/uploads\/2024\/09\/TJove-ATM.png\",\"articleSection\":[\"Sin categorizar\"],\"inLanguage\":\"es\"},{\"@type\":\"WebPage\",\"@id\":\"https:\/\/autocarsdomenech.cat\/es\/2024\/09\/27\/ven-a-cargar-tu-t-jove-de-la-atm\/\",\"url\":\"https:\/\/autocarsdomenech.cat\/es\/2024\/09\/27\/ven-a-cargar-tu-t-jove-de-la-atm\/\",\"name\":\"Ven a cargar tu T-Jove de la ATM - Transports P\u00fablics del Priorat i Dom\u00e8nech\",\"isPartOf\":{\"@id\":\"https:\/\/autocarsdomenech.cat\/es\/#website\"},\"primaryImageOfPage\":{\"@id\":\"https:\/\/autocarsdomenech.cat\/es\/2024\/09\/27\/ven-a-cargar-tu-t-jove-de-la-atm\/#primaryimage\"},\"image\":{\"@id\":\"https:\/\/autocarsdomenech.cat\/es\/2024\/09\/27\/ven-a-cargar-tu-t-jove-de-la-atm\/#primaryimage\"},\"thumbnailUrl\":\"https:\/\/autocarsdomenech.cat\/wp-content\/uploads\/2024\/09\/TJove-ATM.png\",\"datePublished\":\"2024-09-27T08:26:55+00:00\",\"dateModified\":\"2024-09-27T09:07:23+00:00\",\"description\":\"Si eres usuario de la T-Joven de la ATM del Camp de Tarragona, debes saber que puedes cargarla en nuestras oficinas.\",\"breadcrumb\":{\"@id\":\"https:\/\/autocarsdomenech.cat\/es\/2024\/09\/27\/ven-a-cargar-tu-t-jove-de-la-atm\/#breadcrumb\"},\"inLanguage\":\"es\",\"potentialAction\":[{\"@type\":\"ReadAction\",\"target\":[\"https:\/\/autocarsdomenech.cat\/es\/2024\/09\/27\/ven-a-cargar-tu-t-jove-de-la-atm\/\"]}]},{\"@type\":\"ImageObject\",\"inLanguage\":\"es\",\"@id\":\"https:\/\/autocarsdomenech.cat\/es\/2024\/09\/27\/ven-a-cargar-tu-t-jove-de-la-atm\/#primaryimage\",\"url\":\"https:\/\/autocarsdomenech.cat\/wp-content\/uploads\/2024\/09\/TJove-ATM.png\",\"contentUrl\":\"https:\/\/autocarsdomenech.cat\/wp-content\/uploads\/2024\/09\/TJove-ATM.png\",\"width\":864,\"height\":554},{\"@type\":\"BreadcrumbList\",\"@id\":\"https:\/\/autocarsdomenech.cat\/es\/2024\/09\/27\/ven-a-cargar-tu-t-jove-de-la-atm\/#breadcrumb\",\"itemListElement\":[{\"@type\":\"ListItem\",\"position\":1,\"name\":\"Inici\",\"item\":\"https:\/\/autocarsdomenech.cat\/es\/inicio\/\"},{\"@type\":\"ListItem\",\"position\":2,\"name\":\"Ven a cargar tu T-Jove de la ATM\"}]},{\"@type\":\"WebSite\",\"@id\":\"https:\/\/autocarsdomenech.cat\/es\/#website\",\"url\":\"https:\/\/autocarsdomenech.cat\/es\/\",\"name\":\"Transports P\u00fablics del Priorat i Dom\u00e8nech\",\"description\":\"\",\"publisher\":{\"@id\":\"https:\/\/autocarsdomenech.cat\/es\/#organization\"},\"potentialAction\":[{\"@type\":\"SearchAction\",\"target\":{\"@type\":\"EntryPoint\",\"urlTemplate\":\"https:\/\/autocarsdomenech.cat\/es\/?s={search_term_string}\"},\"query-input\":{\"@type\":\"PropertyValueSpecification\",\"valueRequired\":true,\"valueName\":\"search_term_string\"}}],\"inLanguage\":\"es\"},{\"@type\":\"Organization\",\"@id\":\"https:\/\/autocarsdomenech.cat\/es\/#organization\",\"name\":\"Transports P\u00fablics del Priorat i Dom\u00e8nech\",\"url\":\"https:\/\/autocarsdomenech.cat\/es\/\",\"logo\":{\"@type\":\"ImageObject\",\"inLanguage\":\"es\",\"@id\":\"https:\/\/autocarsdomenech.cat\/es\/#\/schema\/logo\/image\/\",\"url\":\"https:\/\/autocarsdomenech.cat\/wp-content\/uploads\/2023\/12\/LOGO-DOMENECH-AUTOCARS.png\",\"contentUrl\":\"https:\/\/autocarsdomenech.cat\/wp-content\/uploads\/2023\/12\/LOGO-DOMENECH-AUTOCARS.png\",\"width\":3426,\"height\":1060,\"caption\":\"Transports P\u00fablics del Priorat i Dom\u00e8nech\"},\"image\":{\"@id\":\"https:\/\/autocarsdomenech.cat\/es\/#\/schema\/logo\/image\/\"}},{\"@type\":\"Person\",\"@id\":\"https:\/\/autocarsdomenech.cat\/es\/#\/schema\/person\/eb1e7cae1c969be89992ceab25345a43\",\"name\":\"admin_tppd\",\"image\":{\"@type\":\"ImageObject\",\"inLanguage\":\"es\",\"@id\":\"https:\/\/autocarsdomenech.cat\/es\/#\/schema\/person\/image\/\",\"url\":\"https:\/\/secure.gravatar.com\/avatar\/59713882c24c0f2e1b90114647fa20a5cff9e548494fb0233317d7cc4934a0eb?s=96&d=mm&r=g\",\"contentUrl\":\"https:\/\/secure.gravatar.com\/avatar\/59713882c24c0f2e1b90114647fa20a5cff9e548494fb0233317d7cc4934a0eb?s=96&d=mm&r=g\",\"caption\":\"admin_tppd\"},\"sameAs\":[\"https:\/\/autocarsdomenech.cat\"],\"url\":\"https:\/\/autocarsdomenech.cat\/es\/author\/admin_tppd\/\"}]}<\/script>\n<!-- \/ Yoast SEO plugin. -->","yoast_head_json":{"title":"Ven a cargar tu T-Jove de la ATM - Transports P\u00fablics del Priorat i Dom\u00e8nech","description":"Si eres usuario de la T-Joven de la ATM del Camp de Tarragona, debes saber que puedes cargarla en nuestras oficinas.","robots":{"index":"index","follow":"follow","max-snippet":"max-snippet:-1","max-image-preview":"max-image-preview:large","max-video-preview":"max-video-preview:-1"},"canonical":"https:\/\/autocarsdomenech.cat\/es\/2024\/09\/27\/ven-a-cargar-tu-t-jove-de-la-atm\/","og_locale":"es_ES","og_type":"article","og_title":"Ven a cargar tu T-Jove de la ATM - Transports P\u00fablics del Priorat i Dom\u00e8nech","og_description":"Si eres usuario de la T-Joven de la ATM del Camp de Tarragona, debes saber que puedes cargarla en nuestras oficinas.","og_url":"https:\/\/autocarsdomenech.cat\/es\/2024\/09\/27\/ven-a-cargar-tu-t-jove-de-la-atm\/","og_site_name":"Transports P\u00fablics del Priorat i Dom\u00e8nech","article_published_time":"2024-09-27T08:26:55+00:00","article_modified_time":"2024-09-27T09:07:23+00:00","og_image":[{"width":864,"height":554,"url":"https:\/\/autocarsdomenech.cat\/wp-content\/uploads\/2024\/09\/TJove-ATM.png","type":"image\/png"}],"author":"admin_tppd","twitter_card":"summary_large_image","twitter_misc":{"Escrito por":"admin_tppd"},"schema":{"@context":"https:\/\/schema.org","@graph":[{"@type":"Article","@id":"https:\/\/autocarsdomenech.cat\/es\/2024\/09\/27\/ven-a-cargar-tu-t-jove-de-la-atm\/#article","isPartOf":{"@id":"https:\/\/autocarsdomenech.cat\/es\/2024\/09\/27\/ven-a-cargar-tu-t-jove-de-la-atm\/"},"author":{"name":"admin_tppd","@id":"https:\/\/autocarsdomenech.cat\/es\/#\/schema\/person\/eb1e7cae1c969be89992ceab25345a43"},"headline":"Ven a cargar tu T-Jove de la ATM","datePublished":"2024-09-27T08:26:55+00:00","dateModified":"2024-09-27T09:07:23+00:00","mainEntityOfPage":{"@id":"https:\/\/autocarsdomenech.cat\/es\/2024\/09\/27\/ven-a-cargar-tu-t-jove-de-la-atm\/"},"wordCount":108,"publisher":{"@id":"https:\/\/autocarsdomenech.cat\/es\/#organization"},"image":{"@id":"https:\/\/autocarsdomenech.cat\/es\/2024\/09\/27\/ven-a-cargar-tu-t-jove-de-la-atm\/#primaryimage"},"thumbnailUrl":"https:\/\/autocarsdomenech.cat\/wp-content\/uploads\/2024\/09\/TJove-ATM.png","articleSection":["Sin categorizar"],"inLanguage":"es"},{"@type":"WebPage","@id":"https:\/\/autocarsdomenech.cat\/es\/2024\/09\/27\/ven-a-cargar-tu-t-jove-de-la-atm\/","url":"https:\/\/autocarsdomenech.cat\/es\/2024\/09\/27\/ven-a-cargar-tu-t-jove-de-la-atm\/","name":"Ven a cargar tu T-Jove de la ATM - Transports P\u00fablics del Priorat i Dom\u00e8nech","isPartOf":{"@id":"https:\/\/autocarsdomenech.cat\/es\/#website"},"primaryImageOfPage":{"@id":"https:\/\/autocarsdomenech.cat\/es\/2024\/09\/27\/ven-a-cargar-tu-t-jove-de-la-atm\/#primaryimage"},"image":{"@id":"https:\/\/autocarsdomenech.cat\/es\/2024\/09\/27\/ven-a-cargar-tu-t-jove-de-la-atm\/#primaryimage"},"thumbnailUrl":"https:\/\/autocarsdomenech.cat\/wp-content\/uploads\/2024\/09\/TJove-ATM.png","datePublished":"2024-09-27T08:26:55+00:00","dateModified":"2024-09-27T09:07:23+00:00","description":"Si eres usuario de la T-Joven de la ATM del Camp de Tarragona, debes saber que puedes cargarla en nuestras oficinas.","breadcrumb":{"@id":"https:\/\/autocarsdomenech.cat\/es\/2024\/09\/27\/ven-a-cargar-tu-t-jove-de-la-atm\/#breadcrumb"},"inLanguage":"es","potentialAction":[{"@type":"ReadAction","target":["https:\/\/autocarsdomenech.cat\/es\/2024\/09\/27\/ven-a-cargar-tu-t-jove-de-la-atm\/"]}]},{"@type":"ImageObject","inLanguage":"es","@id":"https:\/\/autocarsdomenech.cat\/es\/2024\/09\/27\/ven-a-cargar-tu-t-jove-de-la-atm\/#primaryimage","url":"https:\/\/autocarsdomenech.cat\/wp-content\/uploads\/2024\/09\/TJove-ATM.png","contentUrl":"https:\/\/autocarsdomenech.cat\/wp-content\/uploads\/2024\/09\/TJove-ATM.png","width":864,"height":554},{"@type":"BreadcrumbList","@id":"https:\/\/autocarsdomenech.cat\/es\/2024\/09\/27\/ven-a-cargar-tu-t-jove-de-la-atm\/#breadcrumb","itemListElement":[{"@type":"ListItem","position":1,"name":"Inici","item":"https:\/\/autocarsdomenech.cat\/es\/inicio\/"},{"@type":"ListItem","position":2,"name":"Ven a cargar tu T-Jove de la ATM"}]},{"@type":"WebSite","@id":"https:\/\/autocarsdomenech.cat\/es\/#website","url":"https:\/\/autocarsdomenech.cat\/es\/","name":"Transports P\u00fablics del Priorat i Dom\u00e8nech","description":"","publisher":{"@id":"https:\/\/autocarsdomenech.cat\/es\/#organization"},"potentialAction":[{"@type":"SearchAction","target":{"@type":"EntryPoint","urlTemplate":"https:\/\/autocarsdomenech.cat\/es\/?s={search_term_string}"},"query-input":{"@type":"PropertyValueSpecification","valueRequired":true,"valueName":"search_term_string"}}],"inLanguage":"es"},{"@type":"Organization","@id":"https:\/\/autocarsdomenech.cat\/es\/#organization","name":"Transports P\u00fablics del Priorat i Dom\u00e8nech","url":"https:\/\/autocarsdomenech.cat\/es\/","logo":{"@type":"ImageObject","inLanguage":"es","@id":"https:\/\/autocarsdomenech.cat\/es\/#\/schema\/logo\/image\/","url":"https:\/\/autocarsdomenech.cat\/wp-content\/uploads\/2023\/12\/LOGO-DOMENECH-AUTOCARS.png","contentUrl":"https:\/\/autocarsdomenech.cat\/wp-content\/uploads\/2023\/12\/LOGO-DOMENECH-AUTOCARS.png","width":3426,"height":1060,"caption":"Transports P\u00fablics del Priorat i Dom\u00e8nech"},"image":{"@id":"https:\/\/autocarsdomenech.cat\/es\/#\/schema\/logo\/image\/"}},{"@type":"Person","@id":"https:\/\/autocarsdomenech.cat\/es\/#\/schema\/person\/eb1e7cae1c969be89992ceab25345a43","name":"admin_tppd","image":{"@type":"ImageObject","inLanguage":"es","@id":"https:\/\/autocarsdomenech.cat\/es\/#\/schema\/person\/image\/","url":"https:\/\/secure.gravatar.com\/avatar\/59713882c24c0f2e1b90114647fa20a5cff9e548494fb0233317d7cc4934a0eb?s=96&d=mm&r=g","contentUrl":"https:\/\/secure.gravatar.com\/avatar\/59713882c24c0f2e1b90114647fa20a5cff9e548494fb0233317d7cc4934a0eb?s=96&d=mm&r=g","caption":"admin_tppd"},"sameAs":["https:\/\/autocarsdomenech.cat"],"url":"https:\/\/autocarsdomenech.cat\/es\/author\/admin_tppd\/"}]}},"_links":{"self":[{"href":"https:\/\/autocarsdomenech.cat\/es\/wp-json\/wp\/v2\/posts\/3459","targetHints":{"allow":["GET"]}}],"collection":[{"href":"https:\/\/autocarsdomenech.cat\/es\/wp-json\/wp\/v2\/posts"}],"about":[{"href":"https:\/\/autocarsdomenech.cat\/es\/wp-json\/wp\/v2\/types\/post"}],"author":[{"embeddable":true,"href":"https:\/\/autocarsdomenech.cat\/es\/wp-json\/wp\/v2\/users\/1"}],"replies":[{"embeddable":true,"href":"https:\/\/autocarsdomenech.cat\/es\/wp-json\/wp\/v2\/comments?post=3459"}],"version-history":[{"count":1,"href":"https:\/\/autocarsdomenech.cat\/es\/wp-json\/wp\/v2\/posts\/3459\/revisions"}],"predecessor-version":[{"id":3463,"href":"https:\/\/autocarsdomenech.cat\/es\/wp-json\/wp\/v2\/posts\/3459\/revisions\/3463"}],"wp:featuredmedia":[{"embeddable":true,"href":"https:\/\/autocarsdomenech.cat\/es\/wp-json\/wp\/v2\/media\/3457"}],"wp:attachment":[{"href":"https:\/\/autocarsdomenech.cat\/es\/wp-json\/wp\/v2\/media?parent=3459"}],"wp:term":[{"taxonomy":"category","embeddable":true,"href":"https:\/\/autocarsdomenech.cat\/es\/wp-json\/wp\/v2\/categories?post=3459"},{"taxonomy":"post_tag","embeddable":true,"href":"https:\/\/autocarsdomenech.cat\/es\/wp-json\/wp\/v2\/tags?post=3459"}],"curies":[{"name":"wp","href":"https:\/\/api.w.org\/{rel}","templated":true}]}}